[{"@context":"https:\/\/schema.org\/","@type":"Article","@id":"https:\/\/www.remirent.cz\/vzdelani-za-mrizemi\/#Article","mainEntityOfPage":"https:\/\/www.remirent.cz\/vzdelani-za-mrizemi\/","headline":"Vzd\u011bl\u00e1n\u00ed za m\u0159\u00ed\u017eemi","name":"Vzd\u011bl\u00e1n\u00ed za m\u0159\u00ed\u017eemi","description":"Cesty osudu jsou v\u0161elijak\u00e9 a a\u0165 u\u017e vlastn\u00edm p\u0159i\u010din\u011bn\u00edm nebo shodou ne\u0161\u0165astn\u00fdch n\u00e1hod, m\u016f\u017ee se","datePublished":"2019-10-27","dateModified":"2023-05-10","author":{"@type":"Person","@id":"https:\/\/www.remirent.cz\/author\/#Person","name":"","url":"https:\/\/www.remirent.cz\/author\/","identifier":1,"image":{"@type":"ImageObject","@id":"https:\/\/secure.gravatar.com\/avatar\/da76ffe9456a057fb26f92cd8eb3d2effca853864e9ae2a35290bd1e10b1f7d4?s=96&d=mm&r=g","url":"https:\/\/secure.gravatar.com\/avatar\/da76ffe9456a057fb26f92cd8eb3d2effca853864e9ae2a35290bd1e10b1f7d4?s=96&d=mm&r=g","height":96,"width":96}},"publisher":{"@type":"Organization","name":"remirent.cz","logo":{"@type":"ImageObject","@id":"\/logo.png","url":"\/logo.png","width":600,"height":60}},"image":{"@type":"ImageObject","@id":"https:\/\/www.remirent.cz\/wp-content\/uploads\/img_a344700_w2366_t1558522221.jpg","url":"https:\/\/www.remirent.cz\/wp-content\/uploads\/img_a344700_w2366_t1558522221.jpg","height":0,"width":0},"url":"https:\/\/www.remirent.cz\/vzdelani-za-mrizemi\/","about":["Slu\u017eby"],"wordCount":448,"articleBody":"Cesty osudu jsou v\u0161elijak\u00e9 a a\u0165 u\u017e vlastn\u00edm p\u0159i\u010din\u011bn\u00edm nebo shodou ne\u0161\u0165astn\u00fdch n\u00e1hod, m\u016f\u017ee se \u010dlov\u011bk ocitnout za m\u0159\u00ed\u017eemi. Pokud k&nbsp;n\u011b\u010demu takov\u00e9mu dojde, ur\u010dit\u011b to nen\u00ed \u017eivotn\u00ed etapa, po kter\u00e9 by n\u011bkdo tou\u017eil a nejrad\u0161i by ji ze sv\u00e9ho \u017eivota definitivn\u011b vymazal. Ale takhle jednoduch\u00e9 to nen\u00ed a \u010das, kter\u00fd tak mus\u00ed nedobrovoln\u011b n\u011bkolik m\u011bs\u00edc\u016f nebo i let str\u00e1vit, mohou vyu\u017e\u00edt k&nbsp;n\u011b\u010demu u\u017eite\u010dn\u00e9mu, aby ve chv\u00edli, kdy opust\u00ed zdi v\u011bznice, nem\u011bli pocit, \u017ee doba, kterou za nimi str\u00e1vili, byla \u00fapln\u00e1 ztr\u00e1ta \u010dasu.Statistiky n\u00e1m \u0159\u00edkaj\u00ed, \u017ee v\u011bt\u0161ina odsouzen\u00fdch m\u00e1 ukon\u010denou pouze z\u00e1kladn\u00ed \u0161kolu. C\u00edlem n\u00e1pravy je krom\u011b jin\u00e9ho i zajistit dal\u0161\u00ed vzd\u011bl\u00e1n\u00ed t\u011bm, kte\u0159\u00ed to pot\u0159ebuj\u00ed. A tak je mo\u017en\u00e9 se v&nbsp;dob\u011b v\u00fdkonu trestu odn\u011bt\u00ed svobody dopracovat k&nbsp;v\u00fdu\u010dn\u00edmu listu nebo dokonce k&nbsp;maturit\u011b. Z\u00e1jem mezi v\u011bzni je hlavn\u011b o u\u010debn\u00ed obory, p\u0159ev\u00e1\u017en\u011b \u0159emesln\u00e9ho charakteru. N\u011bkte\u0159\u00ed maj\u00ed mo\u017enost nau\u010dit se pracovat s&nbsp;po\u010d\u00edta\u010dem nebo se v\u011bnovat v\u00fduce n\u011bkter\u00e9ho ze sv\u011btov\u00fdch jazyk\u016f.Vzd\u011bl\u00e1v\u00e1n\u00ed v\u011bz\u0148\u016f m\u00e1 jedin\u00fd c\u00edl, p\u0159ipravit je na n\u00e1vrat do norm\u00e1ln\u00edho, oby\u010dejn\u00e9ho sv\u011bta, zajistit jim pokud mo\u017eno stabiln\u00ed pr\u00e1ci, od toho se odv\u00edj\u00ed v\u0161e dal\u0161\u00ed, nap\u0159. bydlen\u00ed, placen\u00ed v\u00fd\u017eivn\u00e9ho, dluh\u016f apod. Jen tak je mo\u017en\u00e9 doc\u00edlit toho, aby se znovu neocitli na scest\u00ed a zapojili se do b\u011b\u017en\u00e9ho \u017eivota tak, jak ho zn\u00e1me my ostatn\u00ed.Jak takov\u00e9 vzd\u011bl\u00e1n\u00ed vlastn\u011b prob\u00edh\u00e1? Samoz\u0159ejm\u011b v\u011bzni nechod\u00ed do \u0161koly, ale maj\u00ed n\u011bco, co je podobn\u00e9 individu\u00e1ln\u00edmu vzd\u011bl\u00e1vac\u00edmu pl\u00e1nu, samotn\u00ed pedagogov\u00e9 pak doch\u00e1z\u00ed do p\u0159\u00edslu\u0161n\u00e9 v\u011bznice a vyu\u010dov\u00e1n\u00ed u\u017e pak prob\u00edh\u00e1 podobn\u011b jako ve \u0161kole samotn\u00e9. Jedin\u00fdm probl\u00e9mem, se kter\u00fdm se v\u011bznice pot\u00fdkaj\u00ed, je, \u017ee je m\u00e1lo \u0161kol, kter\u00e9 jsou ochotny se v\u00fduce odsouzen\u00fdch v\u011bnovat.A tak nezb\u00fdv\u00e1 ne\u017e doufat, \u017ee situace se zlep\u0161\u00ed, \u017ee o vzd\u011bl\u00e1v\u00e1n\u00ed v&nbsp;dob\u011b v\u00fdkonu trestu bude st\u00e1le v\u011bt\u0161\u00ed z\u00e1jem a \u017ee ti, kte\u0159\u00ed sv\u016fj trest vykonaj\u00ed, budou moci vkro\u010dit do norm\u00e1ln\u00edho \u017eivota s&nbsp;pat\u0159i\u010dn\u00fdm vzd\u011bl\u00e1n\u00edm.                                                                                                                                                                                                                                                                                                                                                                                        4.5\/5 - (8 votes)        "},{"@context":"https:\/\/schema.org\/","@type":"BreadcrumbList","itemListElement":[{"@type":"ListItem","position":1,"name":"Vzd\u011bl\u00e1n\u00ed za m\u0159\u00ed\u017eemi","item":"https:\/\/www.remirent.cz\/vzdelani-za-mrizemi\/#breadcrumbitem"}]}]