[{"@context":"https:\/\/schema.org\/","@type":"Article","@id":"https:\/\/www.remirent.cz\/vyrazte-ven-i-v-zime\/#Article","mainEntityOfPage":"https:\/\/www.remirent.cz\/vyrazte-ven-i-v-zime\/","headline":"Vyrazte ven i v zim\u011b!","name":"Vyrazte ven i v zim\u011b!","description":"Chladn\u00e9 obdob\u00ed a kr\u00e1tk\u00e9 dny v&nbsp;n\u00e1s vyvol\u00e1vaj\u00ed \u00fatlum a zklidn\u011bn\u00ed. Je to p\u0159irozen\u00fd proces, kdy","datePublished":"2019-11-11","dateModified":"2023-05-10","author":{"@type":"Person","@id":"https:\/\/www.remirent.cz\/author\/#Person","name":"","url":"https:\/\/www.remirent.cz\/author\/","identifier":1,"image":{"@type":"ImageObject","@id":"https:\/\/secure.gravatar.com\/avatar\/da76ffe9456a057fb26f92cd8eb3d2effca853864e9ae2a35290bd1e10b1f7d4?s=96&d=mm&r=g","url":"https:\/\/secure.gravatar.com\/avatar\/da76ffe9456a057fb26f92cd8eb3d2effca853864e9ae2a35290bd1e10b1f7d4?s=96&d=mm&r=g","height":96,"width":96}},"publisher":{"@type":"Organization","name":"remirent.cz","logo":{"@type":"ImageObject","@id":"\/logo.png","url":"\/logo.png","width":600,"height":60}},"image":{"@type":"ImageObject","@id":"https:\/\/www.remirent.cz\/wp-content\/uploads\/img_a362144_w3850_t1575120771.jpg","url":"https:\/\/www.remirent.cz\/wp-content\/uploads\/img_a362144_w3850_t1575120771.jpg","height":0,"width":0},"url":"https:\/\/www.remirent.cz\/vyrazte-ven-i-v-zime\/","about":["Zdrav\u00ed"],"wordCount":510,"articleBody":"Chladn\u00e9 obdob\u00ed a kr\u00e1tk\u00e9 dny v&nbsp;n\u00e1s vyvol\u00e1vaj\u00ed \u00fatlum a zklidn\u011bn\u00ed. Je to p\u0159irozen\u00fd proces, kdy t\u011blu chyb\u00ed vitamin D ze slunce a kolem sebe vid\u00ed sp\u00edc\u00ed p\u0159\u00edrodu. Je to \u010das pro pono\u0159en\u00ed se do sebe a pr\u00e1ce na du\u0161evn\u00ed \u00farovni. Av\u0161ak modern\u00ed doba n\u00e1s st\u00e1le nut\u00ed nechat b\u011b\u017eet motor na pln\u00e9 obr\u00e1tky a vykon\u00e1vat v\u0161e, co je t\u0159eba, od pracov\u00e1n\u00ed zat\u00ed\u017een\u00ed, p\u0159es p\u00e9\u010di o d\u011bti, dom\u00e1cnost a\u017e po spole\u010densk\u00e9 d\u011bn\u00ed. T\u011blo i psychika je tak vy\u010derp\u00e1na a p\u0159i pohledu z&nbsp;okna na zachmu\u0159enou oblohu a \u0161ed\u00fd sv\u011bt, n\u00e1s p\u0159epadne nejedno postesknut\u00ed nad nep\u0159\u00edzni po\u010das\u00ed.\t\tIde\u00e1ln\u011b se vid\u00edme zalezl\u00ed n\u011bkde s&nbsp;kn\u00ed\u017ekou pod dekou a s&nbsp;hork\u00fdm \u010daje. Kdy\u017e se v\u0161ak tato prosba napln\u00ed, c\u00edt\u00edme se p\u0159esto n\u011b\u010d\u00edm nenapln\u011bni a unaveni. Pro\u010d to?\t&nbsp;\tV&nbsp;l\u00e9t\u011b n\u00e1s to p\u0159irozen\u011b t\u00e1hne ven. \u017dlut\u00e9 paprsky um\u00ed nal\u00e1kat i ty nejv\u011bt\u0161\u00ed mrzouty, ale \u010dasto zapom\u00edn\u00e1me, \u017ee proch\u00e1zky jsou stejn\u011b d\u016fle\u017eit\u00e9 celoro\u010dn\u011b. Nejen kv\u016fli slunci, kter\u00e9ho je p\u0159irozen\u011b v&nbsp;chladn\u011bj\u0161\u00edm obdob\u00ed m\u00e9n\u011b, ale d\u00edky p\u0159\u00edrod\u011b, kter\u00e1 n\u00e1s nabije pozitivn\u00ed energi\u00ed, \u010derstv\u00e9mu vzduchu a mo\u017enost\u00ed potkat zn\u00e1m\u00e9.\t&nbsp;\tTi, kte\u0159\u00ed maj\u00ed mal\u00e9 d\u011bti \u010di ps\u00ed mil\u00e1\u010dky, mus\u00ed v&nbsp;podstat\u011b ven za ka\u017ed\u00e9ho po\u010das\u00ed. Studie prok\u00e1zaly, \u017ee tito lid\u00e9 jsou \u0161\u0165astn\u011bj\u0161\u00ed, udr\u017euj\u00ed si aktivn\u00ed \u017eivot i pozitivn\u00ed pohled na sv\u011bt. Pokud toti\u017e tr\u00e1v\u00edte venku ka\u017ed\u00fd den, m\u00e1te tak jedine\u010dnou mo\u017enost si v\u0161imnout, jak se p\u0159\u00edroda m\u011bn\u00ed, kdy kvetou pampeli\u0161ky, kdy taje prvn\u00ed sn\u00edh.\t&nbsp;\tM\u011bjte na pam\u011bti, \u017ee um\u011bl\u00e9 osv\u011btlen\u00ed a modr\u00e1 barva z\u00e1\u0159en\u00ed z&nbsp;po\u010d\u00edta\u010d\u016f a televizor\u016f, \u010dlov\u011bka unavuje. By\u0165 je venku nevl\u00eddn\u011b a zamra\u010deno, p\u0159es to v\u0161echno je toto sv\u011btlo pro n\u00e1s p\u0159irozen\u011bj\u0161\u00ed a nab\u00edj\u00ed n\u00e1s. \t&nbsp;\tKam vyraz\u00edte je \u010dist\u011b na v\u00e1s. Do m\u011bsta, kde m\u016f\u017eete ji\u017e postupn\u011b narazit na adventn\u00ed st\u00e1nky se sva\u0159\u00e1kem, jen\u017e v\u00e1s p\u0159\u00edjemn\u011b proh\u0159eje. Neberte ani na lehkou v\u00e1hu hlou\u010dek ciz\u00edch lid\u00ed, kter\u00fdm se mus\u00edte prod\u00edrat. Naopak toto v\u00edtejte! Tyto skupiny ve v\u00e1s toti\u017e vyvolaj\u00ed pocit \u017eivota a rozproud\u00ed stagnuj\u00edc\u00ed energii. \tSvi\u017en\u00e1 proch\u00e1zka lesem \u010di zasn\u011b\u017eenou krajinou v\u00e1m zase rozproud\u00ed krev, studen\u00fd vzduch pro\u010dist\u00ed pl\u00edce a o\u010di si odpo\u010dinou od obrazovek.\t&nbsp;\tPo\u0159\u00e1dn\u011b se tedy oble\u010dte, nama\u017ete obli\u010dej v\u00fd\u017eivn\u00fdm kr\u00e9mem a s&nbsp;\u00fasm\u011bvem na rtech vyrazte vst\u0159\u00edc zimn\u00edm kr\u00e1s\u00e1m!\t&nbsp;\t&nbsp;                                                                                                                                                                                                                                                                                                                                                                                        4.3\/5 - (7 votes)        "},{"@context":"https:\/\/schema.org\/","@type":"BreadcrumbList","itemListElement":[{"@type":"ListItem","position":1,"name":"Vyrazte ven i v zim\u011b!","item":"https:\/\/www.remirent.cz\/vyrazte-ven-i-v-zime\/#breadcrumbitem"}]}]