[{"@context":"https:\/\/schema.org\/","@type":"Article","@id":"https:\/\/www.remirent.cz\/sila-prirody\/#Article","mainEntityOfPage":"https:\/\/www.remirent.cz\/sila-prirody\/","headline":"S\u00edla p\u0159\u00edrody","name":"S\u00edla p\u0159\u00edrody","description":"Lid\u00e9 odjak\u017eiva obdivovali p\u0159\u00edrodu a kdy\u017e n\u011bjak\u00e9mu p\u0159\u00edrodn\u00edmu \u00fakazu nerozum\u011bli, vymysleli si bo\u017estva a bezmezn\u011b","datePublished":"2022-08-12","dateModified":"2023-05-10","author":{"@type":"Person","@id":"https:\/\/www.remirent.cz\/author\/#Person","name":"","url":"https:\/\/www.remirent.cz\/author\/","identifier":1,"image":{"@type":"ImageObject","@id":"https:\/\/secure.gravatar.com\/avatar\/da76ffe9456a057fb26f92cd8eb3d2effca853864e9ae2a35290bd1e10b1f7d4?s=96&d=mm&r=g","url":"https:\/\/secure.gravatar.com\/avatar\/da76ffe9456a057fb26f92cd8eb3d2effca853864e9ae2a35290bd1e10b1f7d4?s=96&d=mm&r=g","height":96,"width":96}},"publisher":{"@type":"Organization","name":"remirent.cz","logo":{"@type":"ImageObject","@id":"\/logo.png","url":"\/logo.png","width":600,"height":60}},"image":{"@type":"ImageObject","@id":"https:\/\/www.remirent.cz\/wp-content\/uploads\/sokol%C3%AD%20oko.jpg","url":"https:\/\/www.remirent.cz\/wp-content\/uploads\/sokol%C3%AD%20oko.jpg","height":0,"width":0},"url":"https:\/\/www.remirent.cz\/sila-prirody\/","about":["Produkty"],"wordCount":404,"articleBody":"       Lid\u00e9 odjak\u017eiva obdivovali p\u0159\u00edrodu a kdy\u017e n\u011bjak\u00e9mu p\u0159\u00edrodn\u00edmu \u00fakazu nerozum\u011bli, vymysleli si bo\u017estva a bezmezn\u011b v\u011b\u0159ili sv\u00fdm \u0161aman\u016fm, \u017ee um\u00ed s bohy komunikovat. \u0160aman nebo kmenov\u00fd kouzeln\u00edk si u\u017e\u00edval stejn\u00e9, ne-li v\u011bt\u0161\u00ed p\u0159\u00edzn\u011b ne\u017e n\u00e1\u010deln\u00edk. \u0160amani l\u00e9\u010dili, uzdravovali, p\u0159edv\u00eddali budoucnost, n\u00e1\u010deln\u00edci se s nimi radili, kdy je spr\u00e1vn\u00fd \u010das vyrazit do boje. \u0160amani znali s\u00edlu p\u0159\u00edrody, s\u00edlu bylin, a i kdy\u017e to z na\u0161eho pohledu m\u016f\u017ee vypadat jako \u010dist\u00e9 \u0161arlat\u00e1nstv\u00ed, nem\u011bli bychom s\u00edlu p\u0159\u00edrody podce\u0148ovat. Mnoz\u00ed i v dne\u0161n\u00ed dob\u011b v\u011b\u0159\u00ed v s\u00edlu strom\u016f. Nemus\u00edte je obj\u00edmat, ale pokud si sednete v p\u0159\u00edrod\u011b pod stolet\u00fd strom a jste-li citliv\u00ed, budete m\u00edt respekt k jeho majest\u00e1tnosti.  Pochop\u00edte, jak je \u010dlov\u011bk proti p\u0159\u00edrod\u011b mali\u010dk\u00fd a jakkoliv si mysl\u00edme, \u017ee jsme d\u016fle\u017eit\u00ed, p\u0159\u00edroda si bez \u010dlov\u011bka porad\u00ed mnohem l\u00e9pe. Dnes v modern\u00ed civilizaci \u0161amany nenajdete, zato m\u00e1me \u0159adu senzibil\u016f, kte\u0159\u00ed s p\u0159\u00edrodou um\u00ed komunikovat. Hled\u00e1te na zahrad\u011b pramen vody, abyste v\u011bd\u011bli, kde vykopat studnu? M\u016f\u017eete vyzkou\u0161et proutka\u0159e. Je ot\u00e1zkou, nakolik se proutka\u0159 vyzn\u00e1 v podzemn\u00edch vod\u00e1ch a nakolik v\u011b\u0159\u00ed sv\u00e9mu proutku, ale je docela pravd\u011bpodobn\u00e9, \u017ee tam kde uk\u00e1\u017ee, na vodu skute\u010dn\u011b naraz\u00edte. Dal\u0161\u00ed skupinkou jsou sb\u011bratel\u00e9 miner\u00e1l\u016f, kter\u00fdm p\u0159isuzuj\u00ed magick\u00e9 schopnosti.   Ametyst, r\u016f\u017een\u00edn, rub\u00edn nebo sokol\u00ed oko, co k\u00e1men to jin\u00e1 barva, struktura a t\u00edm i vlastnosti, jak p\u016fsob\u00ed na \u010dlov\u011bka. Nemus\u00edte v\u011b\u0159it, \u017ee ten \u010di onen k\u00e1men, ze kter\u00e9ho budete m\u00edt vyroben\u00fd n\u00e1ramek, n\u00e1u\u0161nice, nebo jen kam\u00ednek zasazen\u00fd do prstenu, v\u00e1m donese \u0161t\u011bst\u00ed, ale pravdou je, \u017ee tyto \u0161perky pr\u00e1v\u011b pro barevnost kam\u00ednky vypadaj\u00ed luxusn\u011b a mohou se st\u00e1t kr\u00e1sn\u00fdm dopl\u0148kem. A proto\u017ee to nen\u00ed typick\u00fd \u0161perk, \u010dasto jej vyhled\u00e1vaj\u00ed mu\u017ei, proto\u017ee k\u00e1men jako \u0161perk vypad\u00e1 mu\u017en\u011b. Kameny ur\u010dit\u011b v sob\u011b n\u011bjakou s\u00edlu ukr\u00fdvaj\u00ed, za\u017eily v\u00edce, ne\u017e \u010dlov\u011bk stihne za sv\u016fj \u017eivot a je jen na n\u00e1s zdali tomu chceme v\u011b\u0159it nebo ne.                                                                                                                                                                                                                                                                                                                                                                                          4\/5 - (5 votes)        "},{"@context":"https:\/\/schema.org\/","@type":"BreadcrumbList","itemListElement":[{"@type":"ListItem","position":1,"name":"S\u00edla p\u0159\u00edrody","item":"https:\/\/www.remirent.cz\/sila-prirody\/#breadcrumbitem"}]}]