[{"@context":"https:\/\/schema.org\/","@type":"Article","@id":"https:\/\/www.remirent.cz\/nejkrasnejsi-adventni-trhy\/#Article","mainEntityOfPage":"https:\/\/www.remirent.cz\/nejkrasnejsi-adventni-trhy\/","headline":"Nejkr\u00e1sn\u011bj\u0161\u00ed adventn\u00ed trhy","name":"Nejkr\u00e1sn\u011bj\u0161\u00ed adventn\u00ed trhy","description":"P\u0159edv\u00e1no\u010dn\u00ed shon nep\u0159in\u00e1\u0161\u00ed nic jin\u00e9ho ne\u017e velkou d\u00e1vku stresu. Abyste trochu vypustili a naladili se","datePublished":"2019-10-06","dateModified":"2023-05-10","author":{"@type":"Person","@id":"https:\/\/www.remirent.cz\/author\/#Person","name":"","url":"https:\/\/www.remirent.cz\/author\/","identifier":1,"image":{"@type":"ImageObject","@id":"https:\/\/secure.gravatar.com\/avatar\/da76ffe9456a057fb26f92cd8eb3d2effca853864e9ae2a35290bd1e10b1f7d4?s=96&d=mm&r=g","url":"https:\/\/secure.gravatar.com\/avatar\/da76ffe9456a057fb26f92cd8eb3d2effca853864e9ae2a35290bd1e10b1f7d4?s=96&d=mm&r=g","height":96,"width":96}},"publisher":{"@type":"Organization","name":"remirent.cz","logo":{"@type":"ImageObject","@id":"\/logo.png","url":"\/logo.png","width":600,"height":60}},"image":{"@type":"ImageObject","@id":"https:\/\/www.remirent.cz\/wp-content\/uploads\/img_a356292_w3850_t1570947806.jpg","url":"https:\/\/www.remirent.cz\/wp-content\/uploads\/img_a356292_w3850_t1570947806.jpg","height":0,"width":0},"url":"https:\/\/www.remirent.cz\/nejkrasnejsi-adventni-trhy\/","about":["Slu\u017eby"],"wordCount":542,"articleBody":"P\u0159edv\u00e1no\u010dn\u00ed shon nep\u0159in\u00e1\u0161\u00ed nic jin\u00e9ho ne\u017e velkou d\u00e1vku stresu. Abyste trochu vypustili a naladili se do t\u00e9 prav\u00e9 pohodov\u00e9 V\u00e1no\u010dn\u00ed atmosf\u00e9ry, nav\u0161tivte adventn\u00ed trhy. Budete se skv\u011ble bavit a mo\u017en\u00e1 zde po\u0159\u00edd\u00edte i n\u011bjak\u00e9 ty chyb\u011bj\u00edc\u00ed d\u00e1re\u010dky.\u0158\u00edmItalsk\u00e9 hlavn\u00ed m\u011bsto je neskute\u010dn\u011b kr\u00e1sn\u00e9 po cel\u00fd rok. V&nbsp;obdob\u00ed V\u00e1noc se m\u011bn\u00ed doslova v&nbsp;poh\u00e1dkov\u00e9 m\u00edsto. V\u00e1no\u010dn\u00ed n\u00e1lada zde za\u010d\u00edn\u00e1 8. prosince, kdy doch\u00e1z\u00ed k&nbsp;rozsv\u011bcov\u00e1n\u00ed v\u00e1no\u010dn\u00edch strome\u010dk\u016f. Jen si p\u0159edstavte ten kr\u00e1sn\u00fd pohled na ozdoben\u00fd strome\u010dek nach\u00e1zej\u00edc\u00ed se p\u0159ed samotn\u00fdm Koloseem. Centrem d\u011bn\u00ed se st\u00e1v\u00e1 n\u00e1m\u011bst\u00ed Piazza Navona v&nbsp;barokn\u00edm stylu, kde to o\u017e\u00edv\u00e1 d\u00edky spoust\u011b st\u00e1nk\u016f s&nbsp;nejr\u016fzn\u011bj\u0161\u00edmi ozdobami a chu\u0165ovkami.KrakovPokud se nebudete cht\u00edt vyd\u00e1vat a\u017e do It\u00e1lie, zav\u00edtejte alespo\u0148 do Krakova. Z\u00e1\u017eitek bude i tak b\u00e1je\u010dn\u00fd. Nejv\u011bt\u0161\u00ed v\u00e1no\u010dn\u00ed trhy nab\u00edz\u00ed zn\u00e1m\u00e9 n\u00e1m\u011bst\u00ed Rynek G\u0142\u00f3wny. P\u0159i jeho n\u00e1v\u0161t\u011bv\u011b tady naraz\u00edte na d\u0159ev\u011bn\u00e9 m\u011bste\u010dko se st\u00e1nky. Rozhodn\u011b nezapome\u0148te ochutnat zdej\u0161\u00ed specialitu, j\u00ed\u017e je pitn\u00fd med. Nenechte se ale zm\u00e1st, nejedn\u00e1 se o nic podobn\u00e9ho na\u0161i medovici. Pokud nejste fandou tohoto v\u010dela\u0159sk\u00e9ho z\u00e1zraku, vsa\u010fte na \u010daj s t\u0159e\u0161\u0148ovou vodkou.BruselTrhy v&nbsp;tomto m\u011bst\u011b jsou opravdu velkolep\u00e9. T\u011b\u0161it se m\u016f\u017eete na dvoukilometrovou v\u00e1no\u010dn\u00ed cestu plnou nejr\u016fzn\u011bj\u0161\u00edch st\u00e1nk\u016f a v\u00fdzdoby, doprov\u00e1zenou p\u0159\u00edjemn\u00fdmi koledami. To, co k&nbsp;t\u00e9to zemi neodd\u011bliteln\u011b pat\u0159\u00ed jsou pralinky, a tak se v&nbsp;tomto jej\u00edm hlavn\u00edm m\u011bst\u011b m\u016f\u017eete t\u011b\u0161it na n\u011b i na speci\u00e1ln\u00ed \u010dokol\u00e1dov\u00e9 pivo.V\u00edde\u0148Jedn\u00e1 se o opravdovou klasiku. Vybrat si m\u016f\u017eete hned z&nbsp;20 nejr\u016fzn\u011bj\u0161\u00edch trh\u016f. Rozhodn\u011b nesm\u00edte&nbsp; vynechat ten p\u0159ed budovou v\u00edde\u0148sk\u00e9 radnice. V&nbsp;rou\u0161ce tmy jde opravdu z\u00e1sluhou dechberouc\u00ed sv\u011bteln\u00e9 v\u00fdzdoby o nezapomenuteln\u00fd z\u00e1\u017eitek je\u0161t\u011b v\u00edce umocn\u011bn\u00fd p\u011bveck\u00fdmi sbory a lahodnou v\u016fn\u00ed sva\u0159\u00e1ku a cukrov\u00ed.Lond\u00fdnAnglick\u00e9 hlavn\u00ed m\u011bsto je u\u017e opravdu trochu z&nbsp;ruky, ale pokud jej v&nbsp;tomto zimn\u00edm \u010dase alespo\u0148 jednou v&nbsp;\u017eivot\u011b nav\u0161t\u00edv\u00edte, rozhodn\u011b nebudete litovat. Kdy\u017e se zde nevyprav\u00edte p\u0159\u00edmo v&nbsp;p\u0159edv\u00e1no\u010dn\u00edm \u010dase, nemus\u00edte zoufat. Nejzn\u00e1m\u011bj\u0161\u00ed ulice, kterou je Oxford Streat se toti\u017e do v\u00e1no\u010dn\u00edho h\u00e1vu p\u0159evl\u00e9k\u00e1 ji\u017e 1. listopadu. N\u011b\u010d\u00edm neuv\u011b\u0159iteln\u011b kr\u00e1sn\u00fdm je tak\u00e9 nejv\u011bt\u0161\u00ed park v&nbsp;centru, ve kter\u00e9m na v\u00e1s bude \u010dekat nejen kluzi\u0161t\u011b, ale tak\u00e9 ledov\u00e9 kr\u00e1lovstv\u00ed s&nbsp;ledov\u00fdmi sochami, kav\u00e1rny, st\u00e1nky, ledov\u00e9 skluzavky a spousta dal\u0161\u00edho. O pravou v\u00e1no\u010dn\u00ed atmosf\u00e9ru tak rozhodn\u011b nebude nouze.                                                                                                                                                                                                                                                                                                                                                                                        4.3\/5 - (7 votes)        "},{"@context":"https:\/\/schema.org\/","@type":"BreadcrumbList","itemListElement":[{"@type":"ListItem","position":1,"name":"Nejkr\u00e1sn\u011bj\u0161\u00ed adventn\u00ed trhy","item":"https:\/\/www.remirent.cz\/nejkrasnejsi-adventni-trhy\/#breadcrumbitem"}]}]