[{"@context":"https:\/\/schema.org\/","@type":"Article","@id":"https:\/\/www.remirent.cz\/muj-nejoblibenejsi-den-v-mesici\/#Article","mainEntityOfPage":"https:\/\/www.remirent.cz\/muj-nejoblibenejsi-den-v-mesici\/","headline":"M\u016fj nejobl\u00edben\u011bj\u0161\u00ed den v m\u011bs\u00edci","name":"M\u016fj nejobl\u00edben\u011bj\u0161\u00ed den v m\u011bs\u00edci","description":"Nev\u00edm jak ostatn\u00ed, ale j\u00e1 miluji ten den, kdy chod\u00edm na kosmetiku. V\u017edycky si tento","datePublished":"2016-11-21","dateModified":"2023-05-10","author":{"@type":"Person","@id":"https:\/\/www.remirent.cz\/author\/#Person","name":"","url":"https:\/\/www.remirent.cz\/author\/","identifier":1,"image":{"@type":"ImageObject","@id":"https:\/\/secure.gravatar.com\/avatar\/da76ffe9456a057fb26f92cd8eb3d2effca853864e9ae2a35290bd1e10b1f7d4?s=96&d=mm&r=g","url":"https:\/\/secure.gravatar.com\/avatar\/da76ffe9456a057fb26f92cd8eb3d2effca853864e9ae2a35290bd1e10b1f7d4?s=96&d=mm&r=g","height":96,"width":96}},"publisher":{"@type":"Organization","name":"remirent.cz","logo":{"@type":"ImageObject","@id":"\/logo.png","url":"\/logo.png","width":600,"height":60}},"image":{"@type":"ImageObject","@id":"https:\/\/www.remirent.cz\/wp-content\/uploads\/img_a278959_w3850_t1602576080.jpg","url":"https:\/\/www.remirent.cz\/wp-content\/uploads\/img_a278959_w3850_t1602576080.jpg","height":0,"width":0},"url":"https:\/\/www.remirent.cz\/muj-nejoblibenejsi-den-v-mesici\/","about":["Slu\u017eby"],"wordCount":504,"articleBody":"Nev\u00edm jak ostatn\u00ed, ale j\u00e1 miluji ten den, kdy chod\u00edm na kosmetiku. V\u017edycky si tento den pl\u00e1nuji dop\u0159edu tak, abych nemusela po kosmetice nikam sp\u011bchat a nebyla jsem j\u00e1 ani moje kosmeti\u010dka v \u010dasov\u00e9m tlaku. Nejlep\u0161\u00ed pak je, kdy\u017e se moje kosmetick\u00e1 seance prot\u00e1hne a j\u00e1 si tak mohu u\u017e\u00edt je\u0161t\u011b del\u0161\u00ed chv\u00edle klidu. Jsou to pro m\u011b takov\u00e9 sv\u00e1te\u010dn\u00ed dny.Nechod\u00edte na kosmetiku a pt\u00e1te se, pro\u010d vyhazujeme ka\u017ed\u00fd m\u011bs\u00edc stovky korun za n\u011bco, co si m\u016f\u017ee ka\u017ed\u00fd s\u00e1m doma na sv\u00e9m obli\u010deji ud\u011blat? Jednak jsem zast\u00e1ncem toho, \u017ee kosmeti\u010dka nestuduje jen tak pro nic za nic a v\u00ed v\u00edc, ne\u017e j\u00e1.I kdy\u017e se t\u00e9matu p\u00e9\u010di o ple\u0165 v\u011bnuji hodn\u011b, tu\u0161\u00edm, \u017ee kosmeti\u010dky ve \u0161kole pro\u0161ly problematiku pleti mnohem v\u00edc do hloubky, do podrobnost\u00ed a do odbornosti, ne\u017e j\u00e1 se m\u016f\u017eu na internetu do\u010d\u00edst. Nehled\u011b na to, \u017ee na internetu je i spousta amat\u00e9rsk\u00fdch rad, kter\u00e9 odpov\u00eddaj\u00ed t\u0159eba pleti toho, kdo je doporu\u010duje, nicm\u00e9n\u011b u\u017e nen\u00ed pravdou to, \u017ee budou vyhovovat nebo dokonce prosp\u00edvat va\u0161\u00ed pleti.Pokud tedy na kosmetiku opravdu nechod\u00edte, tak v\u00e1m ve zkratce p\u0159ibl\u00ed\u017e\u00edm, jak to tam u m\u00e9 kosmeti\u010dky prob\u00edh\u00e1. Samoz\u0159ejm\u011b celou seanci absolvuji v le\u017ee pod dekou, tak\u017ee u\u017e jen fakt, \u017ee le\u017e\u00edm a nemus\u00edm nic d\u011blat, je pro m\u011b jako dovolen\u00e1. Moje kosmeti\u010dka mi v\u017edy odl\u00ed\u010d\u00ed st\u00e1vaj\u00edc\u00ed make-up a dokonale vy\u010dist\u00ed ple\u0165.Samoz\u0159ejmost\u00ed je \u00faprava a barven\u00ed obo\u010d\u00ed a barven\u00ed \u0159as. V neposledn\u00ed \u0159ad\u011b m\u011b kosmeti\u010dka zbav\u00ed \u010dern\u00fdch te\u010dek, namas\u00edruje obli\u010dej a ruce. Samoz\u0159ejm\u011b mi d\u00e1v\u00e1 i n\u011bjak\u00e9 dal\u0161\u00ed masky, k\u00fary a o\u0161et\u0159en\u00ed, o kter\u00fdch v\u00edm, le\u010d zapom\u00edn\u00e1m jejich d\u016fvod. Pro jsou fakt skv\u011bl\u00e9, proto\u017ee jsou v\u017edy p\u0159\u00edjemn\u00e9 a vo\u0148av\u00e9 a tedy i uvol\u0148uj\u00edc\u00ed.P\u0159idanou hodnotou tohoto cel\u00e9ho odpo\u010dinkov\u00e9ho odpoledne je fakt, \u017ee ke sv\u00e9 kosmeti\u010dce chod\u00edm u\u017e tak dlouho, \u017ee je i moj\u00ed kamar\u00e1dkou, tedy si p\u0159i t\u00e9to p\u0159\u00edle\u017eitosti popov\u00edd\u00e1me. Popov\u00edd\u00e1me je \u0161patn\u00e9 slovo a kamar\u00e1dka tak\u00e9. Je to sp\u00ed\u0161e takov\u00fd mal\u00fd psychoterapeut, kter\u00e9mu, za ty t\u0159i hodiny, co u n\u011bj tr\u00e1v\u00edm, \u0159eknu v\u0161echny starosti a tr\u00e1pen\u00ed, kter\u00e9 m\u00e1m, bez ohledu na to, zda zn\u00e1 \u010di nezn\u00e1 jednotliv\u00e9 osoby t\u011bchto m\u00fdch d\u016fle\u017eit\u00fdch p\u0159\u00edb\u011bh\u016f.Se\u010dteno a podtr\u017eeno, kosmetika nen\u00ed jen d\u016fle\u017eit\u00e1 po fyzick\u00e9 str\u00e1nce, ale tak\u00e9 po str\u00e1nce du\u0161evn\u00ed. Krom\u011b toho, \u017ee se m\u016f\u017eete v\u00fdborn\u011b relaxovat, si m\u016f\u017eete tak\u00e9 par\u00e1dn\u011b ulevit od sv\u00fdch starost\u00ed.                                                                                                                                                                                                                                                                                                                                                                                        4.2\/5 - (11 votes)        "},{"@context":"https:\/\/schema.org\/","@type":"BreadcrumbList","itemListElement":[{"@type":"ListItem","position":1,"name":"M\u016fj nejobl\u00edben\u011bj\u0161\u00ed den v m\u011bs\u00edci","item":"https:\/\/www.remirent.cz\/muj-nejoblibenejsi-den-v-mesici\/#breadcrumbitem"}]}]