{"@context":"https:\/\/schema.org\/","@type":"CollectionPage","@id":"https:\/\/www.remirent.cz\/finance\/#CollectionPage","headline":"Finance Category","description":"","url":"https:\/\/www.remirent.cz\/finance\/","hasPart":[{"@type":"Article","@id":"https:\/\/www.remirent.cz\/jak-uvarit-za-par-korun-nebo-ze-zbytku\/","headline":"Jak uva\u0159it za p\u00e1r korun, nebo ze zbytk\u016f","url":"https:\/\/www.remirent.cz\/jak-uvarit-za-par-korun-nebo-ze-zbytku\/","datePublished":"2022-01-22","dateModified":"2023-05-10","mainEntityOfPage":"https:\/\/www.remirent.cz\/jak-uvarit-za-par-korun-nebo-ze-zbytku\/","author":{"@type":"Person","@id":"https:\/\/www.remirent.cz\/author\/#Person","name":"","url":"https:\/\/www.remirent.cz\/author\/","identifier":1,"image":{"@type":"ImageObject","@id":"https:\/\/secure.gravatar.com\/avatar\/da76ffe9456a057fb26f92cd8eb3d2effca853864e9ae2a35290bd1e10b1f7d4?s=96&d=mm&r=g","url":"https:\/\/secure.gravatar.com\/avatar\/da76ffe9456a057fb26f92cd8eb3d2effca853864e9ae2a35290bd1e10b1f7d4?s=96&d=mm&r=g","height":96,"width":96}},"publisher":{"@type":"Organization","name":"remirent.cz","logo":{"@type":"ImageObject","@id":"\/logo.png","url":"\/logo.png","width":600,"height":60}},"image":{"@type":"ImageObject","@id":"https:\/\/www.remirent.cz\/wp-content\/uploads\/chicken-breast-279848_640.jpg","url":"https:\/\/www.remirent.cz\/wp-content\/uploads\/chicken-breast-279848_640.jpg","height":0,"width":0},"keywords":null},{"@type":"Article","@id":"https:\/\/www.remirent.cz\/ne-vzdy-podnikani-vzkveta\/","headline":"Ne v\u017edy podnik\u00e1n\u00ed vzkv\u00e9t\u00e1","url":"https:\/\/www.remirent.cz\/ne-vzdy-podnikani-vzkveta\/","datePublished":"2020-11-16","dateModified":"2023-05-10","mainEntityOfPage":"https:\/\/www.remirent.cz\/ne-vzdy-podnikani-vzkveta\/","author":{"@type":"Person","@id":"https:\/\/www.remirent.cz\/author\/#Person","name":"","url":"https:\/\/www.remirent.cz\/author\/","identifier":1,"image":{"@type":"ImageObject","@id":"https:\/\/secure.gravatar.com\/avatar\/da76ffe9456a057fb26f92cd8eb3d2effca853864e9ae2a35290bd1e10b1f7d4?s=96&d=mm&r=g","url":"https:\/\/secure.gravatar.com\/avatar\/da76ffe9456a057fb26f92cd8eb3d2effca853864e9ae2a35290bd1e10b1f7d4?s=96&d=mm&r=g","height":96,"width":96}},"publisher":{"@type":"Organization","name":"remirent.cz","logo":{"@type":"ImageObject","@id":"\/logo.png","url":"\/logo.png","width":600,"height":60}},"image":{"@type":"ImageObject","@id":"https:\/\/www.remirent.cz\/wp-content\/uploads\/britska%20m%C4%9Bna.jpg","url":"https:\/\/www.remirent.cz\/wp-content\/uploads\/britska%20m%C4%9Bna.jpg","height":0,"width":0},"keywords":null},{"@type":"Article","@id":"https:\/\/www.remirent.cz\/take-vas-trapi-bydleni\/","headline":"Tak\u00e9 v\u00e1s tr\u00e1p\u00ed bydlen\u00ed?","url":"https:\/\/www.remirent.cz\/take-vas-trapi-bydleni\/","datePublished":"2020-03-23","dateModified":"2023-05-10","mainEntityOfPage":"https:\/\/www.remirent.cz\/take-vas-trapi-bydleni\/","author":{"@type":"Person","@id":"https:\/\/www.remirent.cz\/author\/#Person","name":"","url":"https:\/\/www.remirent.cz\/author\/","identifier":1,"image":{"@type":"ImageObject","@id":"https:\/\/secure.gravatar.com\/avatar\/da76ffe9456a057fb26f92cd8eb3d2effca853864e9ae2a35290bd1e10b1f7d4?s=96&d=mm&r=g","url":"https:\/\/secure.gravatar.com\/avatar\/da76ffe9456a057fb26f92cd8eb3d2effca853864e9ae2a35290bd1e10b1f7d4?s=96&d=mm&r=g","height":96,"width":96}},"publisher":{"@type":"Organization","name":"remirent.cz","logo":{"@type":"ImageObject","@id":"\/logo.png","url":"\/logo.png","width":600,"height":60}},"image":{"@type":"ImageObject","@id":"https:\/\/www.remirent.cz\/wp-content\/uploads\/cabin-3007646_640.jpg","url":"https:\/\/www.remirent.cz\/wp-content\/uploads\/cabin-3007646_640.jpg","height":0,"width":0},"keywords":null},{"@type":"Article","@id":"https:\/\/www.remirent.cz\/vanoce-na-dluh-ano-ci-ne\/","headline":"V\u00e1noce na dluh, ano \u010di ne?","url":"https:\/\/www.remirent.cz\/vanoce-na-dluh-ano-ci-ne\/","datePublished":"2019-10-27","dateModified":"2023-05-10","mainEntityOfPage":"https:\/\/www.remirent.cz\/vanoce-na-dluh-ano-ci-ne\/","author":{"@type":"Person","@id":"https:\/\/www.remirent.cz\/author\/#Person","name":"","url":"https:\/\/www.remirent.cz\/author\/","identifier":1,"image":{"@type":"ImageObject","@id":"https:\/\/secure.gravatar.com\/avatar\/da76ffe9456a057fb26f92cd8eb3d2effca853864e9ae2a35290bd1e10b1f7d4?s=96&d=mm&r=g","url":"https:\/\/secure.gravatar.com\/avatar\/da76ffe9456a057fb26f92cd8eb3d2effca853864e9ae2a35290bd1e10b1f7d4?s=96&d=mm&r=g","height":96,"width":96}},"publisher":{"@type":"Organization","name":"remirent.cz","logo":{"@type":"ImageObject","@id":"\/logo.png","url":"\/logo.png","width":600,"height":60}},"image":{"@type":"ImageObject","@id":"https:\/\/www.remirent.cz\/wp-content\/uploads\/img_a356114_w3850_t1570880982.png","url":"https:\/\/www.remirent.cz\/wp-content\/uploads\/img_a356114_w3850_t1570880982.png","height":0,"width":0},"keywords":null}]}