[{"@context":"https:\/\/schema.org\/","@type":"Article","@id":"https:\/\/www.remirent.cz\/dvere-ktere-maji-budoucnost\/#Article","mainEntityOfPage":"https:\/\/www.remirent.cz\/dvere-ktere-maji-budoucnost\/","headline":"Dve\u0159e, kter\u00e9 maj\u00ed budoucnost","name":"Dve\u0159e, kter\u00e9 maj\u00ed budoucnost","description":"Pokud se zam\u011b\u0159\u00edte na vchodov\u00e9 dve\u0159e, pot\u00e9 v\u00e1s zajist\u00e9 \u010dek\u00e1 nesnadn\u00fd \u00fakol. Vybrat nejen vhodn\u00fd","datePublished":"2021-04-01","dateModified":"2023-09-02","author":{"@type":"Person","@id":"https:\/\/www.remirent.cz\/author\/#Person","name":"","url":"https:\/\/www.remirent.cz\/author\/","identifier":1,"image":{"@type":"ImageObject","@id":"https:\/\/secure.gravatar.com\/avatar\/da76ffe9456a057fb26f92cd8eb3d2effca853864e9ae2a35290bd1e10b1f7d4?s=96&d=mm&r=g","url":"https:\/\/secure.gravatar.com\/avatar\/da76ffe9456a057fb26f92cd8eb3d2effca853864e9ae2a35290bd1e10b1f7d4?s=96&d=mm&r=g","height":96,"width":96}},"publisher":{"@type":"Organization","name":"remirent.cz","logo":{"@type":"ImageObject","@id":"\/logo.png","url":"\/logo.png","width":600,"height":60}},"image":{"@type":"ImageObject","@id":"https:\/\/www.remirent.cz\/wp-content\/uploads\/%C5%A1irok%C3%A9%20dve%C5%99e_Gsv7hb.jpg","url":"https:\/\/www.remirent.cz\/wp-content\/uploads\/%C5%A1irok%C3%A9%20dve%C5%99e_Gsv7hb.jpg","height":0,"width":0},"url":"https:\/\/www.remirent.cz\/dvere-ktere-maji-budoucnost\/","about":["Produkty"],"wordCount":168,"articleBody":"        Pokud se zam\u011b\u0159\u00edte na vchodov\u00e9 dve\u0159e, pot\u00e9 v\u00e1s zajist\u00e9 \u010dek\u00e1 nesnadn\u00fd \u00fakol. Vybrat nejen vhodn\u00fd materi\u00e1l, barvu, ale i jejich proveden\u00ed. Velmi kr\u00e1sn\u00e9 jsou d\u0159ev\u011bn\u00e9 verze, nicm\u00e9n\u011b, se jedn\u00e1 o citliv\u00fd materi\u00e1l, kter\u00fd vy\u017eaduje dal\u0161\u00ed \u00fapravu a rozhodn\u011b stranou nez\u016fst\u00e1v\u00e1 ani pom\u011brn\u011b n\u00e1ro\u010dn\u00e1 investice. Je pravou, \u017ee v\u00fdb\u011br vchodov\u00fdch dve\u0159\u00ed je st\u011b\u017eejn\u00ed, jeliko\u017e to vlastn\u011b bude to prvn\u00ed, s \u010d\u00edm se ka\u017ed\u00fd p\u0159i vstupu do prostor\u016f setk\u00e1. A nemluv\u011b o tom, \u017ee nejv\u011bt\u0161\u00ed \u00faniky tepla jsou pr\u00e1v\u011b skrze okna a dve\u0159e, tud\u00ed\u017e se mus\u00ed zohlednit i tato skute\u010dnost. PVC dve\u0159e Ostrava ov\u0161em p\u0159in\u00e1\u0161\u00ed ide\u00e1ln\u00ed \u0159e\u0161en\u00ed. V dokonal\u00e9 souh\u0159e je bezpe\u010dnost, tepeln\u011b-izola\u010dn\u00ed vlastnosti, estetick\u00e9 hledisko a modern\u00ed proveden\u00ed dve\u0159\u00ed. Plastov\u00e9 dve\u0159e toho samoz\u0159ejm\u011b poskytuj\u00ed daleko v\u00edce, skute\u010dn\u011b nen\u00ed od v\u011bci pop\u0159em\u00fd\u0161let i t\u00e9to velmi praktick\u00e9 mo\u017enosti. "},{"@context":"https:\/\/schema.org\/","@type":"BreadcrumbList","itemListElement":[{"@type":"ListItem","position":1,"name":"Dve\u0159e, kter\u00e9 maj\u00ed budoucnost","item":"https:\/\/www.remirent.cz\/dvere-ktere-maji-budoucnost\/#breadcrumbitem"}]}]