[{"@context":"https:\/\/schema.org\/","@type":"Article","@id":"https:\/\/www.remirent.cz\/dovolene-jsou-v-plnem-proudu\/#Article","mainEntityOfPage":"https:\/\/www.remirent.cz\/dovolene-jsou-v-plnem-proudu\/","headline":"Dovolen\u00e9 jsou v pln\u00e9m proudu","name":"Dovolen\u00e9 jsou v pln\u00e9m proudu","description":"Ka\u017ed\u00fd m\u00e1 r\u00e1d n\u011bco jin\u00e9ho. N\u011bkdo si neum\u00ed p\u0159edstavit l\u00e9to bez v\u00fdlet\u016f a pozn\u00e1v\u00e1n\u00ed nov\u00fdch","datePublished":"2023-07-11","dateModified":"2023-07-11","author":{"@type":"Person","@id":"https:\/\/www.remirent.cz\/author\/#Person","name":"","url":"https:\/\/www.remirent.cz\/author\/","identifier":1,"image":{"@type":"ImageObject","@id":"https:\/\/secure.gravatar.com\/avatar\/da76ffe9456a057fb26f92cd8eb3d2effca853864e9ae2a35290bd1e10b1f7d4?s=96&d=mm&r=g","url":"https:\/\/secure.gravatar.com\/avatar\/da76ffe9456a057fb26f92cd8eb3d2effca853864e9ae2a35290bd1e10b1f7d4?s=96&d=mm&r=g","height":96,"width":96}},"publisher":{"@type":"Organization","name":"remirent.cz","logo":{"@type":"ImageObject","@id":"\/logo.png","url":"\/logo.png","width":600,"height":60}},"image":{"@type":"ImageObject","@id":"https:\/\/www.remirent.cz\/wp-content\/uploads\/airport-gb7e0f374f_640_4.jpg","url":"https:\/\/www.remirent.cz\/wp-content\/uploads\/airport-gb7e0f374f_640_4.jpg","height":0,"width":0},"url":"https:\/\/www.remirent.cz\/dovolene-jsou-v-plnem-proudu\/","about":["Slu\u017eby"],"wordCount":426,"articleBody":"    Ka\u017ed\u00fd m\u00e1 r\u00e1d n\u011bco jin\u00e9ho. N\u011bkdo si neum\u00ed p\u0159edstavit l\u00e9to bez v\u00fdlet\u016f a pozn\u00e1v\u00e1n\u00ed nov\u00fdch m\u00edst, n\u011bkdo si zase neum\u00ed p\u0159edstavit dovolenou bez pl\u00e1\u017ee u mo\u0159e. Ka\u017ed\u00fd si chce tr\u00e1vit dovolenou jak je mu p\u0159\u00edjemn\u00e9. N\u011bkdo d\u00e1v\u00e1 p\u0159ednost dovolen\u00e9 v \u010cesk\u00e9 republice, proto\u017ee ani tu celou je\u0161t\u011b zdaleka neprojel, a st\u00e1le nach\u00e1z\u00ed nov\u00e1 m\u00edsta k prozkoum\u00e1v\u00e1n\u00ed. Dovolen\u00e1 v tuzemsku m\u00e1 tu v\u00fdhodu, \u017ee pokud se n\u011bco stane, nemus\u00edte nic slo\u017eit\u011b \u0159e\u0161it v zahrani\u010d\u00ed, v\u0161ude se bez probl\u00e9m\u016f domluv\u00edte a jak to tady chod\u00ed u\u017e nejsp\u00ed\u0161 v\u00edte. I to m\u016f\u017ee b\u00fdt pro n\u011bkoho d\u016fvod, pro\u010d rad\u011bji dovolenou str\u00e1vit tady.  Je v\u00e1m zahrani\u010d\u00ed bli\u017e\u0161\u00ed? Je pravdou, \u017ee mnoho lid\u00ed ut\u00edk\u00e1 na dovolenou za sluncem. Cht\u011bj\u00ed si u\u017e\u00edt slune\u010dn\u00e9 a p\u00edse\u010dn\u00e9 pl\u00e1\u017ee a koup\u00e1n\u00ed v mo\u0159i, a proto si vyb\u00edraj\u00ed z\u00e1jezdy s cestovn\u00ed kancel\u00e1\u0159\u00ed, kter\u00e1 je doveze do hotelu. \u0158ada lid\u00ed si dovolenou v zahrani\u010d\u00ed dok\u00e1\u017ee za\u0159\u00eddit sama, a tak by byla \u0161koda toho nevyu\u017e\u00edt a nepod\u00edvat se n\u011bkam za hranice. Probl\u00e9m ov\u0161em m\u016f\u017ee nastat v p\u0159\u00edpad\u011b nemoci nebo \u00farazu. P\u0159ed ne\u010dekan\u00fdmi a nep\u0159\u00edjemn\u00fdmi ud\u00e1lostmi v\u00e1s ochr\u00e1n\u00ed jedin\u011b cestovn\u00ed poji\u0161t\u011bn\u00ed. Sice v\u00e1m nezaru\u010d\u00ed, \u017ee se v\u00e1m p\u0159i pobytu v zahrani\u010d\u00ed nic nep\u0159ihod\u00ed, ale d\u00edky poji\u0161t\u011bn\u00ed nebudete muset \u0159e\u0161it \u00fahradu v\u00fddaj\u016f spojen\u00fdch s \u0159e\u0161en\u00edm pojistn\u00e9 ud\u00e1losti.  Mnoha lidem se b\u011bhem dovolen\u00e9 n\u011bco p\u0159ihod\u00ed. M\u016f\u017ee j\u00edt nap\u0159\u00edklad o nemoc spojenou s konzumac\u00ed m\u00edstn\u00edho j\u00eddla nebo pit\u00ed vody, kter\u00e1 obsahuje bakterie, na kter\u00e9 nen\u00ed na\u0161e za\u017e\u00edv\u00e1n\u00ed zvykl\u00e9. V\u00fdsledkem jsou za\u017e\u00edvac\u00ed pot\u00ed\u017ee, kter\u00e9 mohou b\u00fdt velmi nebezpe\u010dn\u00e9 hlavn\u011b pro mal\u00e9 d\u011bti. Velmi rychle doch\u00e1z\u00ed z dehydrataci organismu, a proto je pot\u0159eba \u010dasto v takov\u00fdch p\u0159\u00edpadech nav\u0161t\u00edvit zahrani\u010dn\u00ed nemocnici. V p\u0159\u00edpad\u011b \u017ee poji\u0161t\u011bn\u00ed nem\u00e1te si budete muset v\u0161echno zaplatit ze sv\u00e9ho, co\u017e se m\u016f\u017ee podle situace a \u0159e\u0161en\u00e9ho probl\u00e9mu vy\u0161plhat na docela vysok\u00e9 \u010d\u00e1stky. Proto si v\u017edy poji\u0161t\u011bn\u00ed sjednejte, stoj\u00ed \u010dasto jen p\u00e1r korun.                                                                                                                                                                                                                                                                                                                                                                                          4.5\/5 - (4 votes)        "},{"@context":"https:\/\/schema.org\/","@type":"BreadcrumbList","itemListElement":[{"@type":"ListItem","position":1,"name":"Dovolen\u00e9 jsou v pln\u00e9m proudu","item":"https:\/\/www.remirent.cz\/dovolene-jsou-v-plnem-proudu\/#breadcrumbitem"}]}]