[{"@context":"https:\/\/schema.org\/","@type":"Article","@id":"https:\/\/www.remirent.cz\/at-to-odnesou-bohati\/#Article","mainEntityOfPage":"https:\/\/www.remirent.cz\/at-to-odnesou-bohati\/","headline":"A\u0165 to odnesou bohat\u00ed!","name":"A\u0165 to odnesou bohat\u00ed!","description":"Kdy\u017e p\u0159i\u0161la nov\u00e1, polistopadov\u00e1 doba, domn\u00edval jsem se, \u017ee se v\u0161e v\u00a0dobr\u00e9 obr\u00e1t\u00ed. Inu, byl","datePublished":"2023-05-10","dateModified":"2023-05-10","author":{"@type":"Person","@id":"https:\/\/www.remirent.cz\/author\/#Person","name":"","url":"https:\/\/www.remirent.cz\/author\/","identifier":1,"image":{"@type":"ImageObject","@id":"https:\/\/secure.gravatar.com\/avatar\/da76ffe9456a057fb26f92cd8eb3d2effca853864e9ae2a35290bd1e10b1f7d4?s=96&d=mm&r=g","url":"https:\/\/secure.gravatar.com\/avatar\/da76ffe9456a057fb26f92cd8eb3d2effca853864e9ae2a35290bd1e10b1f7d4?s=96&d=mm&r=g","height":96,"width":96}},"publisher":{"@type":"Organization","name":"remirent.cz","logo":{"@type":"ImageObject","@id":"\/logo.png","url":"\/logo.png","width":600,"height":60}},"image":{"@type":"ImageObject","@id":"https:\/\/www.remirent.cz\/wp-content\/uploads\/img_a332864_w2654_t1545945205.jpg","url":"https:\/\/www.remirent.cz\/wp-content\/uploads\/img_a332864_w2654_t1545945205.jpg","height":0,"width":0},"url":"https:\/\/www.remirent.cz\/at-to-odnesou-bohati\/","wordCount":604,"articleBody":"Kdy\u017e p\u0159i\u0161la nov\u00e1, polistopadov\u00e1 doba, domn\u00edval jsem se, \u017ee se v\u0161e v\u00a0dobr\u00e9 obr\u00e1t\u00ed. Inu, byl jsem je\u0161t\u011b pom\u011brn\u011b mlad\u00fd a nezku\u0161en\u00fd, ba p\u0159\u00edmo hloup\u00fd, cht\u011blo by se \u0159\u00edci. Byl jsem u\u017e ve v\u011bku, kdy jsem ch\u00e1pal, \u017ee jakkoliv m\u011bly soudy zjedn\u00e1vat n\u00e1pravu nepravost\u00ed, nejednou tak za minula ne\u010dinily, a doufal jsem, \u017ee te\u010f u\u017e bude v\u0161echno jin\u00e9.\tOv\u0161em \u010deho jsem se do\u010dkal? Toti\u017e \u010deho jsme se do\u010dkali? J\u00e1 stejn\u011b jako vy?\tJist\u011b, i dnes odv\u00e1d\u011bj\u00ed soudy vesm\u011bs u\u017eite\u010dnou a smysluplnou pr\u00e1ci, to ov\u0161em leda tam, kde se jejich \u00falohy nest\u0159et\u00e1vaj\u00ed s\u00a0populistick\u00fdmi z\u00e1jmy politik\u016f. Jim\u017e by soudy slou\u017eit nem\u011bly a tak\u00e9 jim p\u0159\u00edmo nepodl\u00e9haj\u00ed, ov\u0161em p\u0159esto se mus\u00ed pod\u0159izovat tomu, co politici vyplod\u00ed a vpa\u0161uj\u00ed do paragraf\u016f.\t\tKe \u0161kod\u011b v\u0161ech, co\u017e si ale leckdo nep\u0159ipou\u0161t\u00ed. Proto\u017ee t\u011bch, kdo jsou t\u00edmto \u010das od \u010dasu posti\u017eeni, nen\u00ed zase a\u017e tak moc, a t\u011bm ostatn\u00edm je to jedno. Nebo jim to mo\u017en\u00e1 zase a\u017e tak jedno nen\u00ed, jen\u017ee si v\u00a0duchu pomysl\u00ed: \u201eCo kdybych se v\u00a0tom jednou n\u00e1hodou ocitnul i j\u00e1 s\u00e1m?\u201c A pak ml\u010d\u00ed, p\u0159esn\u011b v\u00a0duchu hesla \u201eco t\u011b nep\u00e1l\u00ed, nehas\u201c.\tVezm\u011bte si t\u0159eba takovou my\u0161lenku osobn\u00edch bankrot\u016f.\t\u010clov\u011bk se zadlu\u017e\u00ed a\u017e po u\u0161i, pak je\u0161t\u011b n\u011bjakou dobu relativn\u011b zd\u00e1rn\u011b vytlouk\u00e1 kl\u00edn kl\u00ednem, a kdy\u017e se to \u00fapln\u011b sesype, kdy\u017e u\u017e mu nikdo nep\u016fj\u010d\u00ed na to, aby splatil dluhy, kter\u00fdmi splatil jin\u00e9 dluhy, kter\u00fdmi splatil je\u0161t\u011b jin\u00e9 dluhy a tak d\u00e1le a tak d\u00e1le?\tPokud m\u00e1 takov\u00fd \u010dlov\u011bk po\u0159\u00e1d je\u0161t\u011b n\u011bjak\u00e9 p\u0159\u00edjmy nebo n\u011bjak\u00fd majetek, za\u010dne nejednou jedn\u00e1n\u00ed, je\u017e kon\u010d\u00ed a\u017e soudn\u00edm rozhodnut\u00edm o osobn\u00edm bankrotu.\tTakov\u00fd dlu\u017en\u00edk svatosvat\u011b sl\u00edb\u00ed, \u017ee po tak a tak dlouhou dobu bude \u017eivo\u0159it jenom z\u00a0naprost\u00e9ho minima a v\u0161e, co vyd\u011bl\u00e1 nad toto minimum, odevzd\u00e1, aby se t\u00edm umo\u0159ovaly jeho nezvladateln\u00e9 dluhy, a soud stvrd\u00ed, \u017ee po tak a tak dlouh\u00e9 dob\u011b budou v\u0161echny dluhy, je\u017e se t\u00edmto zp\u016fsobem splatit nezvl\u00e1dne, odpu\u0161t\u011bny. Na \u00fakor toho \u201ehlup\u00e1ka\u201c nebo t\u011bch \u201ehlup\u00e1k\u016f\u201c, kte\u0159\u00ed doty\u010dn\u00e9mu p\u0159edlu\u017een\u00e9mu jedinci p\u016fj\u010dili. Kte\u0159\u00ed se mus\u00ed sm\u00ed\u0159it s\u00a0t\u00edm, \u017ee u\u017e se jim \u010d\u00e1st jejich pen\u011bz nikdy nevr\u00e1t\u00ed.\t\tA ani tady to je\u0161t\u011b neskon\u010dilo. \u201eAby se pomohlo str\u00e1daj\u00edc\u00edm\u201c, cht\u011bj\u00ed politici dokonce, aby ten, kdo projde osobn\u00edm bankrotem, nemusel v\u011b\u0159iteli splatit dost mo\u017en\u00e1 ani korunu. Aby si \u017eivo\u0159en\u00edm na minimu odpykal sv\u016fj h\u0159\u00edch a to ostatn\u00ed a\u0165 si odpykaj\u00ed ti, kdo mu p\u016fj\u010dili. \u201eNem\u011bli p\u0159ece b\u00fdt tak d\u016fv\u011b\u0159iv\u00ed, je to jejich a ne dlu\u017en\u00edkova chyba.\u201c A soudy zkr\u00e1tka maj\u00ed podobn\u00e1 rozhodnut\u00ed posv\u011bcovat z\u00a0moci \u00fa\u0159edn\u00ed.\tAby p\u0159edlu\u017een\u00ed lid\u00e9 nestr\u00e1dali. A aby byli vd\u011b\u010dni politik\u016fm, kte\u0159\u00ed jim d\u00e1vaj\u00ed tuto mo\u017enost. Kterou soudy mus\u00ed posv\u011btit. Nam\u00edsto toho, aby jednaly podle zdrav\u00e9ho rozumu a ne podle pok\u0159iven\u00fdch paragraf\u016f. Kv\u016fli nim\u017e nejsou soudy ani dnes tak docela t\u011bmi, kdo prosazuj\u00ed pr\u00e1vo. Pr\u00e1vo v\u00a0jeho prav\u00e9m smyslu slova.                                                                                                                                                                                                                                                                                                                                                                                        3.7\/5 - (10 votes)        "},{"@context":"https:\/\/schema.org\/","@type":"BreadcrumbList","itemListElement":[{"@type":"ListItem","position":1,"name":"A\u0165 to odnesou bohat\u00ed!","item":"https:\/\/www.remirent.cz\/at-to-odnesou-bohati\/#breadcrumbitem"}]}]