[{"@context":"https:\/\/schema.org\/","@type":"Article","@id":"https:\/\/www.remirent.cz\/at-je-leto-nebo-zima-kabatu-je-nam-treba\/#Article","mainEntityOfPage":"https:\/\/www.remirent.cz\/at-je-leto-nebo-zima-kabatu-je-nam-treba\/","headline":"A\u0165 je l\u00e9to nebo zima, kab\u00e1t\u016f je n\u00e1m t\u0159eba!","name":"A\u0165 je l\u00e9to nebo zima, kab\u00e1t\u016f je n\u00e1m t\u0159eba!","description":"Nejen v zim\u011b, ale i v l\u00e9t\u011b, m\u016f\u017ee vkusn\u011b vybran\u00fd kab\u00e1t dotvo\u0159it outfit a podtrhnout","datePublished":"2021-03-16","dateModified":"2023-05-10","author":{"@type":"Person","@id":"https:\/\/www.remirent.cz\/author\/#Person","name":"","url":"https:\/\/www.remirent.cz\/author\/","identifier":1,"image":{"@type":"ImageObject","@id":"https:\/\/secure.gravatar.com\/avatar\/da76ffe9456a057fb26f92cd8eb3d2effca853864e9ae2a35290bd1e10b1f7d4?s=96&d=mm&r=g","url":"https:\/\/secure.gravatar.com\/avatar\/da76ffe9456a057fb26f92cd8eb3d2effca853864e9ae2a35290bd1e10b1f7d4?s=96&d=mm&r=g","height":96,"width":96}},"publisher":{"@type":"Organization","name":"remirent.cz","logo":{"@type":"ImageObject","@id":"\/logo.png","url":"\/logo.png","width":600,"height":60}},"image":{"@type":"ImageObject","@id":"https:\/\/www.remirent.cz\/wp-content\/uploads\/lehk%C3%BD%20kab%C3%A1t.jpg","url":"https:\/\/www.remirent.cz\/wp-content\/uploads\/lehk%C3%BD%20kab%C3%A1t.jpg","height":0,"width":0},"url":"https:\/\/www.remirent.cz\/at-je-leto-nebo-zima-kabatu-je-nam-treba\/","about":["Produkty"],"wordCount":446,"articleBody":"        Nejen v zim\u011b, ale i v l\u00e9t\u011b, m\u016f\u017ee vkusn\u011b vybran\u00fd kab\u00e1t dotvo\u0159it outfit a podtrhnout ho. Kab\u00e1ty pat\u0159\u00ed mezi neodmyslitelnou sou\u010d\u00e1st \u0161atn\u00edk\u016f u\u017e od d\u00e1vn\u00fdch dob, kdy se pov\u011bt\u0161inou objevovaly u mu\u017e\u016f vy\u0161\u0161\u00edho postaven\u00ed, pozd\u011bji se ale trend kab\u00e1t\u016f rozmohl a bylo mo\u017en\u00e9 je v\u00eddat u v\u0161ech v\u011bkov\u00fdch kategori\u00ed. Jak ale vybrat ten ide\u00e1ln\u00ed kab\u00e1t p\u0159\u00edmo pro n\u00e1\u0161 typ postavy?Napov\u00ed z\u00e1kladn\u00ed pravidla pro v\u00fdb\u011br kab\u00e1t\u016fKab\u00e1t by m\u011bl svou d\u00e9lkou sahat minim\u00e1ln\u011b do p\u016flky stehen nebo ke kolen\u016fm. V\u017edy by m\u011bl odpov\u00eddat aktu\u00e1ln\u00ed p\u0159\u00edle\u017eitosti a vyb\u00edr\u00e1n citliv\u011b pro konkr\u00e9tn\u00ed typ postavy. V posledn\u00edch letech se ov\u0161em na sc\u00e9nu dost\u00e1v\u00e1 i jist\u00e1 m\u00edra extravagantnosti, kter\u00e9 nen\u00ed zapot\u0159eb\u00ed utla\u010dovat.A\u0165 u\u017e se rozhodnete zainvestovat do kvalitn\u00edho d\u00e1msk\u00e9ho nebo p\u00e1nsk\u00e9ho kab\u00e1tu, je d\u016fle\u017eit\u00e9 v jak\u00e9m obdob\u00ed ho budete cht\u00edt nosit. Zimn\u00ed kab\u00e1t je st\u00e1lic\u00ed mezi kab\u00e1ty, zat\u00edmco s v\u00fdb\u011brem toho jarn\u00edho je to o pozn\u00e1n\u00ed slo\u017eit\u011bj\u0161\u00ed. Na vin\u011b je hlavn\u011b nep\u0159edv\u00eddatelnost po\u010das\u00ed, kter\u00e9 se doslova s ka\u017edou hodinou m\u011bn\u00ed. V posledn\u00edch letech st\u00e1le popul\u00e1rn\u011bj\u0161\u00ed tren\u010dkoty si op\u011bt nach\u00e1zej\u00ed m\u00edsto na p\u0159ehl\u00eddkov\u00fdch molech i v ka\u017edodenn\u00ed m\u00f3d\u011b. Ty se vyr\u00e1b\u011bj\u00ed z lehk\u00e9ho materi\u00e1lu, kter\u00fd je nav\u00edc nepromokav\u00fd a slou\u017e\u00ed jako ochrana p\u0159ed nevyzpytatelnost\u00ed jarn\u00edho po\u010das\u00ed. Tren\u010dkot je tedy ide\u00e1ln\u00ed volba do jarn\u00edho nest\u00e1l\u00e9ho obdob\u00ed. Oproti tomu zimn\u00ed kab\u00e1ty maj\u00ed za \u00fakol hlavn\u011b chr\u00e1nit p\u0159ed sychrav\u00fdm po\u010das\u00ed, to ale neznamen\u00e1, \u017ee n\u00e1m nem\u016f\u017ee i slu\u0161et. Zimn\u00ed kab\u00e1ty by n\u00e1s m\u011bly udr\u017eet v teple a chr\u00e1nit p\u0159ed nep\u0159\u00edzniv\u00fdm po\u010das\u00edm. Materi\u00e1ly pro v\u00fdrobu zimn\u00edch kab\u00e1t\u016f jsou tedy diametr\u00e1ln\u011b odli\u0161n\u00e9. Pou\u017e\u00edv\u00e1 se flau\u0161, vlna, bavlna nebo polyester. Jinak to bude i v p\u0159\u00edpad\u011b d\u00e1msk\u00e9ho a p\u00e1nsk\u00e9ho kab\u00e1tu, kter\u00e9 budou m\u00edt p\u0159eci jenom trochu odli\u0161n\u00e9 slo\u017een\u00ed. Kab\u00e1t je zapot\u0159eb\u00ed vyb\u00edrat i s ohledem na typ postavy. Zat\u00edmco n\u011bkter\u00e9 mohou sv\u00fdm st\u0159ihem ubrat i n\u011bjak\u00e9 to kilo nav\u00edc, jin\u00e9 sv\u00fdm over size st\u0159ihem naopak kila p\u0159id\u00e1vat.                                                                                                                                                                                                                                                                                                                                                                                           4.5\/5 - (10 votes)        "},{"@context":"https:\/\/schema.org\/","@type":"BreadcrumbList","itemListElement":[{"@type":"ListItem","position":1,"name":"A\u0165 je l\u00e9to nebo zima, kab\u00e1t\u016f je n\u00e1m t\u0159eba!","item":"https:\/\/www.remirent.cz\/at-je-leto-nebo-zima-kabatu-je-nam-treba\/#breadcrumbitem"}]}]